{"id":1056,"date":"2026-04-29T07:09:36","date_gmt":"2026-04-29T07:09:36","guid":{"rendered":"https:\/\/parafia-lubienko.pl\/?p=1056"},"modified":"2026-04-29T07:09:38","modified_gmt":"2026-04-29T07:09:38","slug":"iv-niedziela-wielkanocna-26-04-2026","status":"publish","type":"post","link":"https:\/\/parafia-lubienko.pl\/?p=1056","title":{"rendered":"IV NIEDZIELA\u00a0WIELKANOCNA\u00a0\u00a026.04.2026"},"content":{"rendered":"<p>*Dzisiaj rozpoczyna\u00a0 si\u0119 Tydzie\u0144 Modlitw o powo\u0142ania kap\u0142a\u0144skie i zakonne.<br \/>\n*Msze \u015bw. w tygodniu \u00a0o godz. 18.00 z wyj\u0105tkiem \u00a0soboty.<br \/>\n*W czwartek o 17.00 adoracja Naj\u015bwi\u0119tszego Sakramentu, a po niej msza \u015bw.<br \/>\n*W tym tygodniu przypada I pi\u0105tek i I sobota miesi\u0105ca. Spowied\u017a\u00a0 w pi\u0105tek od godz. 17.30 W tym dniu rozpoczynamy nabo\u017ce\u0144stwa majowe. Ks. abp udzieli\u0142 na ten dzie\u0144 dyspensy od pokarm\u00f3w mi\u0119snych.<br \/>\n*W sobot\u0119 liturgiczna Uroczysto\u015b\u0107 MB Kr\u00f3lowej Polski. Msza \u015bw. o godz. 9.00.<br \/>\n*W przysz\u0142\u0105 niedziel\u0119 zmiana tajemnic r\u00f3\u017ca\u0144cowych.<br \/>\n*Dzi\u0119kuj\u0119 tym osobom, kt\u00f3re mia\u0142y dy\u017cur za posprz\u0105tanie ko\u015bcio\u0142a i ofiar\u0119.<br \/>\n*Dzi\u0119kuj\u0119 tak\u017ce za ofiary na potrzeby parafii: Krzysztofowi i Karinie Marchewkom, Janowi i Teresie Marchewkom, Zdzis\u0142awowi i Alicji Krupom oraz Tadeuszowi i Annie Gronkiewiczom.<\/p>\n<p><strong>\u00a0<\/strong><\/p>\n<p><span style=\"color: #0000ff;\"><strong>INTENCJE MSZALNE<\/strong><\/span><\/p>\n<p><strong>Poniedzia\u0142ek\u00a0\u00a0<\/strong><strong> 8.00\u00a0 <\/strong><strong>O piek\u0119 MB i pomoc Ducha \u015bw. dla Agaty podczas matury; <\/strong><strong>\u00a0<\/strong><strong>18.00<\/strong><strong>\u00a0 <\/strong><strong>+J\u00f3zef<br \/>\n<\/strong><strong>Wtorek <\/strong><strong>\u00a018.00 <\/strong><strong>\u00a0<\/strong><strong>+J\u00f3zef<br \/>\n<\/strong><strong>\u015aroda\u00a0 \u00a0 <\/strong><strong>8.00\u00a0 <\/strong><strong>O opiek\u0119 MB i pomoc Ducha \u015bw. podczas egzamin\u00f3w dla Kingi; <\/strong><strong>\u00a0\u00a0<\/strong><strong>18.00<\/strong><strong>\u00a0<\/strong><strong>+J\u00f3zef<br \/>\n<\/strong><strong>Czwartek\u00a0 \u00a0<\/strong><strong>18.00<\/strong><strong> \u00a0\u00a0\u00a0<\/strong><strong>+J\u00f3zef<br \/>\n<\/strong><strong>Pi\u0105tek\u00a0 <\/strong><strong>18.00<\/strong><strong> \u00a0<\/strong><strong>+J\u00f3zef<br \/>\n<\/strong><strong>Sobota\u00a0 \u00a0 <\/strong><strong>9.00\u00a0 <\/strong><strong>+J\u00f3zef<br \/>\n<\/strong><span style=\"color: #ff0000;\"><strong>Niedziela\u00a0 <\/strong><strong>9.00<\/strong><strong> \u00a0<\/strong><strong>Dzi\u0119kczynna za 70 lat \u017cycia z pro\u015bb\u0105 o zdrowie i b\u0142. Bo\u017ce oraz opiek\u0119 MB; <\/strong><strong>\u00a0<\/strong><strong>11.00<\/strong><strong>\u00a0 \u00a0\u00a0\u00a0<\/strong><strong>+J\u00f3zef<\/strong><\/span><\/p>\n","protected":false},"excerpt":{"rendered":"<p>*Dzisiaj rozpoczyna\u00a0 si\u0119 Tydzie\u0144 Modlitw o powo\u0142ania kap\u0142a\u0144skie i zakonne. *Msze \u015bw. w tygodniu \u00a0o godz. 18.00 z wyj\u0105tkiem \u00a0soboty. *W czwartek o 17.00 adoracja Naj\u015bwi\u0119tszego Sakramentu, a po niej msza \u015bw. *W tym tygodniu przypada I pi\u0105tek i I sobota miesi\u0105ca. Spowied\u017a\u00a0 w pi\u0105tek od godz. 17.30 W tym [&hellip;]<\/p>\n","protected":false},"author":1,"featured_media":0,"comment_status":"open","ping_status":"closed","sticky":false,"template":"","format":"standard","meta":{"footnotes":""},"categories":[1],"tags":[],"class_list":["post-1056","post","type-post","status-publish","format-standard","hentry","category-wiadomosci"],"_links":{"self":[{"href":"https:\/\/parafia-lubienko.pl\/index.php?rest_route=\/wp\/v2\/posts\/1056","targetHints":{"allow":["GET"]}}],"collection":[{"href":"https:\/\/parafia-lubienko.pl\/index.php?rest_route=\/wp\/v2\/posts"}],"about":[{"href":"https:\/\/parafia-lubienko.pl\/index.php?rest_route=\/wp\/v2\/types\/post"}],"author":[{"embeddable":true,"href":"https:\/\/parafia-lubienko.pl\/index.php?rest_route=\/wp\/v2\/users\/1"}],"replies":[{"embeddable":true,"href":"https:\/\/parafia-lubienko.pl\/index.php?rest_route=%2Fwp%2Fv2%2Fcomments&post=1056"}],"version-history":[{"count":1,"href":"https:\/\/parafia-lubienko.pl\/index.php?rest_route=\/wp\/v2\/posts\/1056\/revisions"}],"predecessor-version":[{"id":1057,"href":"https:\/\/parafia-lubienko.pl\/index.php?rest_route=\/wp\/v2\/posts\/1056\/revisions\/1057"}],"wp:attachment":[{"href":"https:\/\/parafia-lubienko.pl\/index.php?rest_route=%2Fwp%2Fv2%2Fmedia&parent=1056"}],"wp:term":[{"taxonomy":"category","embeddable":true,"href":"https:\/\/parafia-lubienko.pl\/index.php?rest_route=%2Fwp%2Fv2%2Fcategories&post=1056"},{"taxonomy":"post_tag","embeddable":true,"href":"https:\/\/parafia-lubienko.pl\/index.php?rest_route=%2Fwp%2Fv2%2Ftags&post=1056"}],"curies":[{"name":"wp","href":"https:\/\/api.w.org\/{rel}","templated":true}]}}